{"id":8807,"date":"2020-12-22T18:56:23","date_gmt":"2020-12-22T18:56:23","guid":{"rendered":"https:\/\/radiosansalvador.com.uy\/sitio\/?p=8807"},"modified":"2020-12-22T18:56:23","modified_gmt":"2020-12-22T18:56:23","slug":"covidol-21-de-marzo-resulto-sorteada-en-anv-y-comenzara-a-construir","status":"publish","type":"post","link":"https:\/\/radiosansalvador.com.uy\/sitio\/2020\/12\/covidol-21-de-marzo-resulto-sorteada-en-anv-y-comenzara-a-construir\/","title":{"rendered":"COVIDOL 21 DE MARZO RESULTO SORTEADA EN ANV Y COMENZARA A CONSTRUIR"},"content":{"rendered":"<p><strong>COVIDOL 21 DE MARZO RESULTO SORTEADA EN ANV Y COMENZARA A CONSTRUIR<\/strong><\/p>\n<p>La Cooperativa de Viviendas, COVIDOL 21 de Marzo resulto favorecida en el sorteo de la Agencia Nacional de Viviendas en la jornada de ayer y el pr\u00f3ximo a\u00f1o comenzara la construcci\u00f3n del n\u00facleo de viviendas, ayer en di\u00e1logo con Radio San Salvador Mar\u00eda Aguilera actual Presidenta de la Cooperativa dijo que el esfuerzo vali\u00f3 la pena.<\/p>\n<p><strong><iframe loading=\"lazy\" src=\"https:\/\/w.soundcloud.com\/player\/?url=https%3A\/\/api.soundcloud.com\/tracks\/952281022&amp;color=%23ff5500&amp;auto_play=false&amp;hide_related=false&amp;show_comments=true&amp;show_user=true&amp;show_reposts=false&amp;show_teaser=true\" width=\"100%\" height=\"166\" frameborder=\"no\" scrolling=\"no\"><\/iframe><\/strong><\/p>\n<div style=\"font-size: 10px; color: #cccccc; line-break: anywhere; word-break: normal; overflow: hidden; white-space: nowrap; text-overflow: ellipsis; font-family: Interstate,Lucida Grande,Lucida Sans Unicode,Lucida Sans,Garuda,Verdana,Tahoma,sans-serif; font-weight: 100;\"><a style=\"color: #cccccc; text-decoration: none;\" title=\"NOTASAM1580\" href=\"https:\/\/soundcloud.com\/alvaro-martinez-420722814\" target=\"_blank\" rel=\"noopener noreferrer\">NOTASAM1580<\/a> \u00b7 <a style=\"color: #cccccc; text-decoration: none;\" title=\"DICIEMBRE 22 05 MARIA AGUILERA\" href=\"https:\/\/soundcloud.com\/alvaro-martinez-420722814\/diciembre-22-05-maria-aguilera\" target=\"_blank\" rel=\"noopener noreferrer\">DICIEMBRE 22 05 MARIA AGUILERA<\/a><\/div>\n","protected":false},"excerpt":{"rendered":"<p>COVIDOL 21 DE MARZO RESULTO SORTEADA EN ANV Y COMENZARA A CONSTRUIR La Cooperativa de Viviendas, COVIDOL 21 de Marzo resulto favorecida en el sorteo de la Agencia Nacional de Viviendas en la jornada de ayer y el pr\u00f3ximo a\u00f1o comenzara la construcci\u00f3n del n\u00facleo de viviendas, ayer en di\u00e1logo con Radio San Salvador Mar\u00eda&#8230;<\/p>\n<p><a rel=\"bookmark\" class=\"decibel-button-text wvc-button wvc-button-size-sm\" href=\"https:\/\/radiosansalvador.com.uy\/sitio\/2020\/12\/covidol-21-de-marzo-resulto-sorteada-en-anv-y-comenzara-a-construir\/\"><small class=\"wvc-button-background-fill\"><\/small><span>continue reading<\/span><\/a><\/p>\n","protected":false},"author":2,"featured_media":8808,"comment_status":"open","ping_status":"open","sticky":false,"template":"","format":"standard","meta":{"footnotes":""},"categories":[17],"tags":[],"class_list":["post-8807","post","type-post","status-publish","format-standard","has-post-thumbnail","hentry","category-news","entry-post-skin-dark","entry","clearfix","entry-post-module-layout-standard","thumbnail-color-tone-dark","is-audio-embed","is-soundcloud","has-audio-player","entry-post","entry-standard","entry-post-standard"],"_links":{"self":[{"href":"https:\/\/radiosansalvador.com.uy\/sitio\/wp-json\/wp\/v2\/posts\/8807","targetHints":{"allow":["GET"]}}],"collection":[{"href":"https:\/\/radiosansalvador.com.uy\/sitio\/wp-json\/wp\/v2\/posts"}],"about":[{"href":"https:\/\/radiosansalvador.com.uy\/sitio\/wp-json\/wp\/v2\/types\/post"}],"author":[{"embeddable":true,"href":"https:\/\/radiosansalvador.com.uy\/sitio\/wp-json\/wp\/v2\/users\/2"}],"replies":[{"embeddable":true,"href":"https:\/\/radiosansalvador.com.uy\/sitio\/wp-json\/wp\/v2\/comments?post=8807"}],"version-history":[{"count":2,"href":"https:\/\/radiosansalvador.com.uy\/sitio\/wp-json\/wp\/v2\/posts\/8807\/revisions"}],"predecessor-version":[{"id":8810,"href":"https:\/\/radiosansalvador.com.uy\/sitio\/wp-json\/wp\/v2\/posts\/8807\/revisions\/8810"}],"wp:featuredmedia":[{"embeddable":true,"href":"https:\/\/radiosansalvador.com.uy\/sitio\/wp-json\/wp\/v2\/media\/8808"}],"wp:attachment":[{"href":"https:\/\/radiosansalvador.com.uy\/sitio\/wp-json\/wp\/v2\/media?parent=8807"}],"wp:term":[{"taxonomy":"category","embeddable":true,"href":"https:\/\/radiosansalvador.com.uy\/sitio\/wp-json\/wp\/v2\/categories?post=8807"},{"taxonomy":"post_tag","embeddable":true,"href":"https:\/\/radiosansalvador.com.uy\/sitio\/wp-json\/wp\/v2\/tags?post=8807"}],"curies":[{"name":"wp","href":"https:\/\/api.w.org\/{rel}","templated":true}]}}